{"id":19291,"date":"2022-06-28T05:58:15","date_gmt":"2022-06-28T05:58:15","guid":{"rendered":"https:\/\/alivira.com.tr\/riesgos-laborales-asociado-a-la-utilizacion-de-gases-en-los-centros-veterinarios\/"},"modified":"2022-06-28T05:58:15","modified_gmt":"2022-06-28T05:58:15","slug":"riesgos-laborales-asociado-a-la-utilizacion-de-gases-en-los-centros-veterinarios","status":"publish","type":"post","link":"https:\/\/alivira.com.tr\/en\/riesgos-laborales-asociado-a-la-utilizacion-de-gases-en-los-centros-veterinarios\/","title":{"rendered":"Riesgos laborales asociado a la utilizaci\u00f3n de gases en los centros veterinarios"},"content":{"rendered":"<p>[av_heading heading=&#8217;Riesgos laborales asociados a la utilizaci\u00f3n de gases en los centros veterinarios&#8217; tag=&#8217;h1&#8242; link=&#8221; link_target=&#8221; style=&#8217;blockquote modern-quote&#8217; size=&#8221; subheading_active=&#8221; subheading_size=&#8221; margin=&#8221; padding=&#8217;10&#8217; icon_padding=&#8217;10&#8217; color=&#8221; custom_font=&#8221; icon_color=&#8221; show_icon=&#8221; icon=&#8217;ue800&#8242; font=&#8221; icon_size=&#8221; custom_class=&#8221; id=&#8221; admin_preview_bg=&#8221; av-desktop-hide=&#8221; av-medium-hide=&#8221; av-small-hide=&#8221; av-mini-hide=&#8221; av-medium-font-size-title=&#8221; av-small-font-size-title=&#8221; av-mini-font-size-title=&#8221; av-medium-font-size=&#8221; av-small-font-size=&#8221; av-mini-font-size=&#8221; av-medium-font-size-1=&#8221; av-small-font-size-1=&#8221; av-mini-font-size-1=&#8221;][\/av_heading]<\/p>\n<p>[av_textblock size=&#8221; av-medium-font-size=&#8221; av-small-font-size=&#8221; av-mini-font-size=&#8221; font_color=&#8217;custom&#8217; color=&#8217;#63bccb&#8217; id=&#8221; custom_class=&#8221; av_uid=&#8217;av-l4xrgjrd&#8217; admin_preview_bg=&#8221;]<br \/>\n<strong>La gesti\u00f3n de los riesgos laborales es una parte importante en el funcionamiento de una empresa<\/strong> y una preocupaci\u00f3n constante dado que incide directamente en la siniestralidad laboral, en la productividad y en el absentismo justificado.<br \/>\n[\/av_textblock]<\/p>\n<p>[av_hr class=&#8217;invisible&#8217; icon_select=&#8217;yes&#8217; icon=&#8217;ue808&#8242; font=&#8217;entypo-fontello&#8217; position=&#8217;center&#8217; shadow=&#8217;no-shadow&#8217; height=&#8217;5&#8242; custom_border=&#8217;av-border-thin&#8217; custom_width=&#8217;50px&#8217; custom_margin_top=&#8217;30px&#8217; custom_margin_bottom=&#8217;30px&#8217; custom_border_color=&#8221; custom_icon_color=&#8221; id=&#8221; custom_class=&#8221; av_uid=&#8217;av-l4xritqp&#8217; admin_preview_bg=&#8221;]<\/p>\n<p>[av_image src=&#8217;http:\/\/www.karizoo.com\/wp-content\/uploads\/2022\/06\/Riesgos.jpg&#8217; attachment=&#8217;14580&#8242; attachment_size=&#8217;full&#8217; copyright=&#8221; caption=&#8221; styling=&#8221; align=&#8217;center&#8217; font_size=&#8221; overlay_opacity=&#8217;0.4&#8242; overlay_color=&#8217;#000000&#8242; overlay_text_color=&#8217;#ffffff&#8217; animation=&#8217;no-animation&#8217; hover=&#8221; appearance=&#8221; link=&#8217;lightbox&#8217; target=&#8221; title_attr=&#8221; alt_attr=&#8221; lazy_loading=&#8217;disabled&#8217; id=&#8221; custom_class=&#8221; av_element_hidden_in_editor=&#8217;0&#8242; av_uid=&#8217;av-knh6y6e6&#8242; admin_preview_bg=&#8221;][\/av_image]<\/p>\n<p>[av_hr class=&#8217;invisible&#8217; icon_select=&#8217;yes&#8217; icon=&#8217;ue808&#8242; font=&#8217;entypo-fontello&#8217; position=&#8217;center&#8217; shadow=&#8217;no-shadow&#8217; height=&#8217;5&#8242; custom_border=&#8217;av-border-thin&#8217; custom_width=&#8217;50px&#8217; custom_margin_top=&#8217;30px&#8217; custom_margin_bottom=&#8217;30px&#8217; custom_border_color=&#8221; custom_icon_color=&#8221; id=&#8221; custom_class=&#8221; av_uid=&#8217;av-l4xritqp&#8217; admin_preview_bg=&#8221;]<\/p>\n<p>[av_textblock size=&#8221; av-medium-font-size=&#8221; av-small-font-size=&#8221; av-mini-font-size=&#8221; font_color=&#8221; color=&#8221; id=&#8221; custom_class=&#8221; av_uid=&#8217;av-l4xrtde9&#8242; admin_preview_bg=&#8221;]<\/p>\n<p style=\"font-weight: 400;\"><strong>El trabajo diario en consultorios, cl\u00ednicas y hospitales veterinarios tiene una especial idiosincrasia con amenazas singulares a la salud laboral<\/strong>; el paciente del centro veterinario es la mascota pero el cliente es el due\u00f1o de la mascota y la relaci\u00f3n con ellos conlleva no solo riesgos espec\u00edficos higi\u00e9nicos y ergon\u00f3micos sino tambi\u00e9n de naturaleza psicosocial unidos a los propios de la actividad veterinaria.<\/p>\n<p style=\"font-weight: 400;\">Los da\u00f1os derivados del trabajo son las enfermedades, patolog\u00edas o lesiones sufridas con motivo u ocasi\u00f3n del trabajo y se define riesgo laboral como <strong>\u201cla posibilidad de que un trabajador sufra un determinado da\u00f1o derivado del trabajo. Es el precedente inmediato del da\u00f1o\u201d<\/strong>. (Art. 4.2 L.P.R.L.).<\/p>\n<p>[\/av_textblock]<\/p>\n<p>[av_one_full first min_height=&#8221; vertical_alignment=&#8217;av-align-top&#8217; space=&#8221; row_boxshadow_color=&#8221; row_boxshadow_width=&#8217;10&#8217; custom_margin=&#8217;aviaTBcustom_margin&#8217; margin=&#8217;10px,20px&#8217; mobile_breaking=&#8221; border=&#8217;2&#8242; border_color=&#8217;#63bccb&#8217; radius=&#8217;10px&#8217; radius_sync=&#8217;true&#8217; padding=&#8217;0px,20px,0px,20px&#8217; column_boxshadow_color=&#8221; column_boxshadow_width=&#8217;10&#8217; background=&#8217;bg_color&#8217; background_color=&#8221; background_gradient_color1=&#8221; background_gradient_color2=&#8221; background_gradient_direction=&#8217;vertical&#8217; src=&#8221; attachment=&#8221; attachment_size=&#8221; background_position=&#8217;top left&#8217; background_repeat=&#8217;no-repeat&#8217; highlight_size=&#8217;1.1&#8242; animation=&#8221; link=&#8221; linktarget=&#8221; link_hover=&#8221; title_attr=&#8221; alt_attr=&#8221; mobile_display=&#8221; id=&#8221; custom_class=&#8221; aria_label=&#8221; av_uid=&#8217;av-l4xrv34s&#8217;]<br \/>\n[av_textblock size=&#8217;18&#8217; av-medium-font-size=&#8221; av-small-font-size=&#8221; av-mini-font-size=&#8221; font_color=&#8217;custom&#8217; color=&#8217;#63bccb&#8217; id=&#8221; custom_class=&#8221; av_uid=&#8217;av-l4xrtde9&#8242; admin_preview_bg=&#8221;]<\/p>\n<p style=\"font-weight: 400;\"><strong>Los da\u00f1os puedes ser:<\/strong><\/p>\n<ul>\n<li style=\"font-weight: 400;\"><strong>Incidentes<br \/>\n<\/strong><span style=\"font-weight: 400; font-size: 16px;\">Todo suceso anormal no deseado, que brusca e inesperadamente, interrumpe la normal continuidad del trabajo, y que representa un riesgo.<\/span><\/li>\n<\/ul>\n<ul>\n<li style=\"font-weight: 400;\"><strong>Accidente de trabajo<\/strong><br \/>\nToda lesi\u00f3n corporal que el trabajador sufre con ocasi\u00f3n o a consecuencia del trabajo que ejecuta por cuenta ajena.<\/li>\n<\/ul>\n<ul>\n<li style=\"font-weight: 400;\"><strong>Enfermedad profesional<br \/>\n<\/strong>Enfermedad contra\u00edda a consecuencia del trabajo.Deterioro lento y progresivo de la salud del trabajador, producido por una exposici\u00f3n continuada a situaciones adversas, originadas por el ambiente en que se desarrolla el trabajo o por la forma en que est\u00e9 organizado.<\/li>\n<\/ul>\n<p>[\/av_textblock]<br \/>\n[\/av_one_full]<\/p>\n<p>[av_textblock size=&#8221; av-medium-font-size=&#8221; av-small-font-size=&#8221; av-mini-font-size=&#8221; font_color=&#8221; color=&#8221; id=&#8221; custom_class=&#8221; av_uid=&#8217;av-l4xrtde9&#8242; admin_preview_bg=&#8221;]<\/p>\n<p style=\"font-weight: 400;\">Frente a los riesgos y da\u00f1os derivados tanto los trabajadores\/as as\u00ed como los empresarios\/as tienen una serie de derechos y obligaciones y es obligaci\u00f3n de toda empresa establecer un plan de prevenci\u00f3n que queda plasmado en un \u00a0documento b\u00e1sico para gestionar la prevenci\u00f3n en la empresa. El plan debe tener contemplado todos los aspectos preventivos de la empresa: instalaciones, recursos humanos, equipos, productos, tareas,&#8230; as\u00ed como las responsabilidades en materia de Prevenci\u00f3n de Riesgos de todas aquellas personas que integran el organigrama de la empresa.<\/p>\n<p style=\"font-weight: 400;\">La diversidad de tareas que se encuentran englobadas en la actividad desarrollada en los centros sanitarios veterinarios es muy amplia, por ello en la evaluaci\u00f3n de riesgos se deben identificar los riesgos y las medidas preventivas de cada centro veterinario, teniendo presente los profesionales del centro.<\/p>\n<p style=\"font-weight: 400;\"><strong>Los diferentes riesgos se agrupan en diferentes clasificaciones: psicosociales, ergon\u00f3micos, biol\u00f3gicos, f\u00edsicos, qu\u00edmicos<\/strong>. Atenderemos a los riesgos qu\u00edmicos: Se designa como contaminantes qu\u00edmicos a todas las sustancias que alteran la conformaci\u00f3n qu\u00edmica de los componentes del medio, esta modificaci\u00f3n qu\u00edmica puede llegar a afectar a los dem\u00e1s seres vivos. Como ejemplo de este tipo de contaminantes podemos citar gases anest\u00e9sicos, reactivos de laboratorio, l\u00edquidos de revelado, productos de limpieza y f\u00e1rmacos \u00e1cidos o alcalinos.<\/p>\n<p style=\"font-weight: 400;\">La exposici\u00f3n a sustancias o productos qu\u00edmicos peligrosos viene caracterizada por ser de baja intensidad (bajas concentraciones) pero de larga duraci\u00f3n, pudiendo abarcar incluso toda o gran parte de la vida laboral del trabajador. Ello motiva que los efectos aparezcan a largo plazo, despu\u00e9s de a\u00f1os o d\u00e9cadas de exposici\u00f3n y que su evoluci\u00f3n sea muy lenta (insidiosa), tardando mucho tiempo en manifestarse los s\u00edntomas de la afectaci\u00f3n. Se trata de enfermedades cr\u00f3nico-degenerativas, con largos per\u00edodos de evoluci\u00f3n (latencia) y que se manifiestan en edades tard\u00edas, tales como la encefalopat\u00eda t\u00f3xica por disolventes o los diferentes c\u00e1nceres por agentes qu\u00edmicos y sustancias peligrosas.<\/p>\n<p>[\/av_textblock]<\/p>\n<p>[av_section min_height=&#8221; min_height_pc=&#8217;25&#8217; min_height_px=&#8217;500px&#8217; padding=&#8217;no-padding&#8217; margin=&#8217;aviaTBmargin&#8217; custom_margin=&#8217;0px&#8217; custom_margin_sync=&#8217;true&#8217; color=&#8217;main_color&#8217; background=&#8217;bg_color&#8217; custom_bg=&#8217;#eff8fa&#8217; background_gradient_color1=&#8221; background_gradient_color2=&#8221; background_gradient_direction=&#8217;vertical&#8217; src=&#8221; attachment=&#8221; attachment_size=&#8221; attach=&#8217;scroll&#8217; position=&#8217;top left&#8217; repeat=&#8217;no-repeat&#8217; video=&#8221; video_ratio=&#8217;16:9&#8242; overlay_opacity=&#8217;0.5&#8242; overlay_color=&#8221; overlay_pattern=&#8221; overlay_custom_pattern=&#8221; shadow=&#8217;no-border-styling&#8217; bottom_border=&#8217;no-border-styling&#8217; bottom_border_diagonal_color=&#8217;#333333&#8242; bottom_border_diagonal_direction=&#8221; bottom_border_style=&#8221; custom_arrow_bg=&#8221; id=&#8221; custom_class=&#8221; aria_label=&#8221; av_element_hidden_in_editor=&#8217;0&#8242; av_uid=&#8217;av-l4xsnmmg&#8217;]<br \/>\n[av_textblock size=&#8217;20&#8217; av-medium-font-size=&#8221; av-small-font-size=&#8221; av-mini-font-size=&#8221; font_color=&#8217;custom&#8217; color=&#8217;#63bccb&#8217; id=&#8221; custom_class=&#8221; av_uid=&#8217;av-l4xrtde9&#8242; admin_preview_bg=&#8221;]<\/p>\n<h4 style=\"font-weight: 400; text-align: left;\">Los agentes anest\u00e9sicos inhalatorios (AAI) Isoflurano y Sevoflurano son una familia de agentes qu\u00edmicos, muy vol\u00e1tiles, depresores del Sistema Nervioso Central.<\/h4>\n<h3 style=\"font-weight: 400; text-align: left;\"><strong>La exposici\u00f3n a los AAI puede ser aguda o cr\u00f3nica:<\/strong><\/h3>\n<p>[\/av_textblock]<\/p>\n<p>[av_one_half first min_height=&#8217;av-equal-height-column&#8217; vertical_alignment=&#8217;av-align-top&#8217; space=&#8217;no_margin&#8217; row_boxshadow_color=&#8221; row_boxshadow_width=&#8217;10&#8217; custom_margin=&#8217;aviaTBcustom_margin&#8217; margin=&#8217;10px&#8217; margin_sync=&#8217;true&#8217; mobile_breaking=&#8221; border=&#8221; border_color=&#8221; radius=&#8217;0px&#8217; radius_sync=&#8217;true&#8217; padding=&#8217;0px&#8217; padding_sync=&#8217;true&#8217; column_boxshadow_color=&#8221; column_boxshadow_width=&#8217;10&#8217; background=&#8217;bg_color&#8217; background_color=&#8221; background_gradient_color1=&#8221; background_gradient_color2=&#8221; background_gradient_direction=&#8217;vertical&#8217; src=&#8221; attachment=&#8221; attachment_size=&#8221; background_position=&#8217;top left&#8217; background_repeat=&#8217;no-repeat&#8217; highlight_size=&#8217;1.1&#8242; animation=&#8221; link=&#8221; linktarget=&#8221; link_hover=&#8221; title_attr=&#8221; alt_attr=&#8221; mobile_display=&#8221; id=&#8221; custom_class=&#8221; aria_label=&#8221; av_uid=&#8217;av-npu1vy&#8217;]<\/p>\n<p>[av_image src=&#8217;http:\/\/www.karizoo.com\/wp-content\/uploads\/2022\/06\/Efectos_aguda.png&#8217; attachment=&#8217;14608&#8242; attachment_size=&#8217;full&#8217; copyright=&#8221; caption=&#8221; styling=&#8221; align=&#8217;center&#8217; font_size=&#8221; overlay_opacity=&#8217;0.4&#8242; overlay_color=&#8217;#000000&#8242; overlay_text_color=&#8217;#ffffff&#8217; animation=&#8217;no-animation&#8217; hover=&#8221; appearance=&#8221; link=&#8221; target=&#8221; title_attr=&#8221; alt_attr=&#8221; lazy_loading=&#8217;disabled&#8217; id=&#8221; custom_class=&#8221; av_element_hidden_in_editor=&#8217;0&#8242; av_uid=&#8217;av-l4xshbu1&#8242; admin_preview_bg=&#8221;][\/av_image]<\/p>\n<p>[\/av_one_half][av_one_half min_height=&#8221; vertical_alignment=&#8217;av-align-top&#8217; space=&#8221; row_boxshadow_color=&#8221; row_boxshadow_width=&#8217;10&#8217; custom_margin=&#8217;aviaTBcustom_margin&#8217; margin=&#8217;10px&#8217; margin_sync=&#8217;true&#8217; mobile_breaking=&#8221; border=&#8221; border_color=&#8221; radius=&#8217;0px&#8217; radius_sync=&#8217;true&#8217; padding=&#8217;0px&#8217; padding_sync=&#8217;true&#8217; column_boxshadow_color=&#8221; column_boxshadow_width=&#8217;10&#8217; background=&#8217;bg_color&#8217; background_color=&#8221; background_gradient_color1=&#8221; background_gradient_color2=&#8221; background_gradient_direction=&#8217;vertical&#8217; src=&#8221; attachment=&#8221; attachment_size=&#8221; background_position=&#8217;top left&#8217; background_repeat=&#8217;no-repeat&#8217; highlight_size=&#8217;1.1&#8242; animation=&#8221; link=&#8221; linktarget=&#8221; link_hover=&#8221; title_attr=&#8221; alt_attr=&#8221; mobile_display=&#8221; id=&#8221; custom_class=&#8221; aria_label=&#8221; av_uid=&#8217;av-npu1vy&#8217;]<\/p>\n<p>[av_image src=&#8217;http:\/\/www.karizoo.com\/wp-content\/uploads\/2022\/06\/Efectos_cronica.png&#8217; attachment=&#8217;14612&#8242; attachment_size=&#8217;full&#8217; copyright=&#8221; caption=&#8221; styling=&#8221; align=&#8217;center&#8217; font_size=&#8221; overlay_opacity=&#8217;0.4&#8242; overlay_color=&#8217;#000000&#8242; overlay_text_color=&#8217;#ffffff&#8217; animation=&#8217;no-animation&#8217; hover=&#8221; appearance=&#8221; link=&#8221; target=&#8221; title_attr=&#8221; alt_attr=&#8221; lazy_loading=&#8217;disabled&#8217; id=&#8221; custom_class=&#8221; av_element_hidden_in_editor=&#8217;0&#8242; av_uid=&#8217;av-l4xshbu1&#8242; admin_preview_bg=&#8221;][\/av_image]<\/p>\n<p>[\/av_one_half]<br \/>\n[\/av_section]<\/p>\n<p>[av_textblock size=&#8217;20&#8217; av-medium-font-size=&#8221; av-small-font-size=&#8221; av-mini-font-size=&#8221; font_color=&#8217;custom&#8217; color=&#8217;#63bccb&#8217; id=&#8221; custom_class=&#8221; av_uid=&#8217;av-l4xrtde9&#8242; admin_preview_bg=&#8221;]<\/p>\n<h3><b>Prevenci\u00f3n\u00a0de riesgos por el uso de agentes anest\u00e9sico<\/b><\/h3>\n<p>[\/av_textblock]<\/p>\n<p>[av_one_full first min_height=&#8221; vertical_alignment=&#8217;av-align-top&#8217; space=&#8221; row_boxshadow_color=&#8221; row_boxshadow_width=&#8217;10&#8217; custom_margin=&#8217;aviaTBcustom_margin&#8217; margin=&#8217;10px,20px&#8217; mobile_breaking=&#8221; border=&#8217;2&#8242; border_color=&#8217;#63bccb&#8217; radius=&#8217;10px&#8217; radius_sync=&#8217;true&#8217; padding=&#8217;10px,10px,0px,10px&#8217; column_boxshadow_color=&#8221; column_boxshadow_width=&#8217;10&#8217; background=&#8217;bg_color&#8217; background_color=&#8221; background_gradient_color1=&#8221; background_gradient_color2=&#8221; background_gradient_direction=&#8217;vertical&#8217; src=&#8221; attachment=&#8221; attachment_size=&#8221; background_position=&#8217;top left&#8217; background_repeat=&#8217;no-repeat&#8217; highlight_size=&#8217;1.1&#8242; animation=&#8221; link=&#8221; linktarget=&#8221; link_hover=&#8221; title_attr=&#8221; alt_attr=&#8221; mobile_display=&#8221; id=&#8221; custom_class=&#8221; aria_label=&#8221; av_uid=&#8217;av-l4xrv34s&#8217;]<br \/>\n[av_textblock size=&#8217;20&#8217; av-medium-font-size=&#8221; av-small-font-size=&#8221; av-mini-font-size=&#8221; font_color=&#8217;custom&#8217; color=&#8217;#63bccb&#8217; id=&#8221; custom_class=&#8221; av_uid=&#8217;av-l4xrtde9&#8242; admin_preview_bg=&#8221;]<\/p>\n<ul>\n<li><strong>ESTACIONES DE ANESTESIA EN BUEN ESTADO\u00a0<\/strong>y con sistemas eficaces de evacuaci\u00f3n de gases exhalados.<\/li>\n<\/ul>\n<p>[\/av_textblock]<\/p>\n<p>[av_textblock size=&#8217;20&#8217; av-medium-font-size=&#8221; av-small-font-size=&#8221; av-mini-font-size=&#8221; font_color=&#8217;custom&#8217; color=&#8217;#63bccb&#8217; id=&#8221; custom_class=&#8221; av_uid=&#8217;av-l4xrtde9&#8242; admin_preview_bg=&#8221;]<\/p>\n<ul>\n<li><b>MANTENIMIENTO PREVENTIVO. <\/b><strong>Revisiones peri\u00f3dicas<\/strong> de los sistemas de evacuaci\u00f3n de gases y revisiones de los vaporizadores.<\/li>\n<\/ul>\n<p>[\/av_textblock]<\/p>\n<p>[av_textblock size=&#8217;20&#8217; av-medium-font-size=&#8221; av-small-font-size=&#8221; av-mini-font-size=&#8221; font_color=&#8217;custom&#8217; color=&#8217;#63bccb&#8217; id=&#8221; custom_class=&#8221; av_uid=&#8217;av-l4xrtde9&#8242; admin_preview_bg=&#8221;]<\/p>\n<ul>\n<li><b><b><\/b><\/b><b>EVITAR EN LA MEDIDA POSIBLE EL VERTIDO DIRECTO DEL PRODUCTO EN EL VAPORIZADOR,<\/b> se recomienda el uso de sistemas cerrados o el uso de adaptadores espec\u00edficos de botella con el fin de evitar los derrames involuntarios del agente, evitar la evaporaci\u00f3n del agente anest\u00e9sico y evitar la contaminaci\u00f3n del medio ambiente<\/li>\n<\/ul>\n<p>[\/av_textblock]<\/p>\n<p>[av_textblock size=&#8217;20&#8217; av-medium-font-size=&#8221; av-small-font-size=&#8221; av-mini-font-size=&#8221; font_color=&#8217;custom&#8217; color=&#8217;#63bccb&#8217; id=&#8221; custom_class=&#8221; av_uid=&#8217;av-l4xrtde9&#8242; admin_preview_bg=&#8221;]<\/p>\n<ul>\n<li><b><b><\/b><\/b><b><b><\/b><\/b><b>FORMACI\u00d3N E INFORMACI\u00d3N. Todos los profesionales potencialmente expuestos deben estar formados e informados <\/b>de los riesgos que conlleva la exposici\u00f3n a gases anest\u00e9sicos y de las medidas necesarias que se deben adoptar para la disminuci\u00f3n o eliminaci\u00f3n de dichos riesgos.<\/li>\n<\/ul>\n<p>[\/av_textblock]<br \/>\n[\/av_one_full]<\/p>\n<p>[av_hr class=&#8217;invisible&#8217; icon_select=&#8217;yes&#8217; icon=&#8217;ue808&#8242; font=&#8217;entypo-fontello&#8217; position=&#8217;center&#8217; shadow=&#8217;no-shadow&#8217; height=&#8217;10&#8217; custom_border=&#8217;av-border-thin&#8217; custom_width=&#8217;50px&#8217; custom_margin_top=&#8217;30px&#8217; custom_margin_bottom=&#8217;30px&#8217; custom_border_color=&#8221; custom_icon_color=&#8221; id=&#8221; custom_class=&#8221; av_uid=&#8217;av-l4xuex2b&#8217; admin_preview_bg=&#8221;]<\/p>\n<p>[av_textblock size=&#8217;12&#8217; av-medium-font-size=&#8221; av-small-font-size=&#8221; av-mini-font-size=&#8221; font_color=&#8221; color=&#8221; id=&#8221; custom_class=&#8221; av_uid=&#8217;av-l4xrtde9&#8242; admin_preview_bg=&#8221;]<br \/>\n<strong>Referencias:<\/strong><br \/>\nNTP 606: Exposici\u00f3n laboral a gases anest\u00e9sicos. Instituto nacional de seguridad e higiene en el trabajo.<br \/>\nSeguridad en anestesiolog\u00eda. Sistema de llenado y adaptadores. A. Villanueva<br \/>\nManual de riesgos laborales para centros sanitarios veterinarios. CEVE 2.019<br \/>\n[\/av_textblock]<\/p>\n","protected":false},"excerpt":{"rendered":"<p>La gesti\u00f3n de los riesgos laborales es una parte importante en el funcionamiento de una empresa y una preocupaci\u00f3n constante dado que incide directamente en la siniestralidad laboral, en la productividad y en el absentismo justificado.<\/p>\n","protected":false},"author":2,"featured_media":14662,"comment_status":"closed","ping_status":"open","sticky":false,"template":"","format":"standard","meta":{"footnotes":""},"categories":[244],"tags":[],"class_list":["post-19291","post","type-post","status-publish","format-standard","has-post-thumbnail","hentry","category-blog-2-en"],"yoast_head":"<!-- This site is optimized with the Yoast SEO plugin v26.7 - https:\/\/yoast.com\/wordpress\/plugins\/seo\/ -->\n<title>Riesgos laborales asociado a la utilizaci\u00f3n de gases en los centros veterinarios - Alivira T\u00fcrkiye<\/title>\n<meta name=\"robots\" content=\"index, follow, max-snippet:-1, max-image-preview:large, max-video-preview:-1\" \/>\n<link rel=\"canonical\" href=\"https:\/\/alivira.com.tr\/en\/riesgos-laborales-asociado-a-la-utilizacion-de-gases-en-los-centros-veterinarios\/\" \/>\n<meta property=\"og:locale\" content=\"en_US\" \/>\n<meta property=\"og:type\" content=\"article\" \/>\n<meta property=\"og:title\" content=\"Riesgos laborales asociado a la utilizaci\u00f3n de gases en los centros veterinarios - Alivira T\u00fcrkiye\" \/>\n<meta property=\"og:description\" content=\"La gesti\u00f3n de los riesgos laborales es una parte importante en el funcionamiento de una empresa y una preocupaci\u00f3n constante dado que incide directamente en la siniestralidad laboral, en la productividad y en el absentismo justificado.\" \/>\n<meta property=\"og:url\" content=\"https:\/\/alivira.com.tr\/en\/riesgos-laborales-asociado-a-la-utilizacion-de-gases-en-los-centros-veterinarios\/\" \/>\n<meta property=\"og:site_name\" content=\"Alivira T\u00fcrkiye\" \/>\n<meta property=\"article:published_time\" content=\"2022-06-28T05:58:15+00:00\" \/>\n<meta property=\"og:image\" content=\"https:\/\/alivira.com.tr\/wp-content\/uploads\/2022\/06\/Riesgos_n.jpg\" \/>\n\t<meta property=\"og:image:width\" content=\"400\" \/>\n\t<meta property=\"og:image:height\" content=\"335\" \/>\n\t<meta property=\"og:image:type\" content=\"image\/jpeg\" \/>\n<meta name=\"author\" content=\"y\u00f6netici\" \/>\n<meta name=\"twitter:card\" content=\"summary_large_image\" \/>\n<meta name=\"twitter:label1\" content=\"Written by\" \/>\n\t<meta name=\"twitter:data1\" content=\"y\u00f6netici\" \/>\n\t<meta name=\"twitter:label2\" content=\"Est. reading time\" \/>\n\t<meta name=\"twitter:data2\" content=\"6 minutes\" \/>\n<script type=\"application\/ld+json\" class=\"yoast-schema-graph\">{\"@context\":\"https:\/\/schema.org\",\"@graph\":[{\"@type\":\"Article\",\"@id\":\"https:\/\/alivira.com.tr\/en\/riesgos-laborales-asociado-a-la-utilizacion-de-gases-en-los-centros-veterinarios\/#article\",\"isPartOf\":{\"@id\":\"https:\/\/alivira.com.tr\/en\/riesgos-laborales-asociado-a-la-utilizacion-de-gases-en-los-centros-veterinarios\/\"},\"author\":{\"name\":\"y\u00f6netici\",\"@id\":\"https:\/\/alivira.com.tr\/#\/schema\/person\/63d17b84ae0974dc63966cc8c29ff82c\"},\"headline\":\"Riesgos laborales asociado a la utilizaci\u00f3n de gases en los centros veterinarios\",\"datePublished\":\"2022-06-28T05:58:15+00:00\",\"mainEntityOfPage\":{\"@id\":\"https:\/\/alivira.com.tr\/en\/riesgos-laborales-asociado-a-la-utilizacion-de-gases-en-los-centros-veterinarios\/\"},\"wordCount\":1964,\"image\":{\"@id\":\"https:\/\/alivira.com.tr\/en\/riesgos-laborales-asociado-a-la-utilizacion-de-gases-en-los-centros-veterinarios\/#primaryimage\"},\"thumbnailUrl\":\"https:\/\/alivira.com.tr\/wp-content\/uploads\/2022\/06\/Riesgos_n.jpg\",\"articleSection\":[\"Blog\"],\"inLanguage\":\"en-US\"},{\"@type\":\"WebPage\",\"@id\":\"https:\/\/alivira.com.tr\/en\/riesgos-laborales-asociado-a-la-utilizacion-de-gases-en-los-centros-veterinarios\/\",\"url\":\"https:\/\/alivira.com.tr\/en\/riesgos-laborales-asociado-a-la-utilizacion-de-gases-en-los-centros-veterinarios\/\",\"name\":\"Riesgos laborales asociado a la utilizaci\u00f3n de gases en los centros veterinarios - Alivira T\u00fcrkiye\",\"isPartOf\":{\"@id\":\"https:\/\/alivira.com.tr\/#website\"},\"primaryImageOfPage\":{\"@id\":\"https:\/\/alivira.com.tr\/en\/riesgos-laborales-asociado-a-la-utilizacion-de-gases-en-los-centros-veterinarios\/#primaryimage\"},\"image\":{\"@id\":\"https:\/\/alivira.com.tr\/en\/riesgos-laborales-asociado-a-la-utilizacion-de-gases-en-los-centros-veterinarios\/#primaryimage\"},\"thumbnailUrl\":\"https:\/\/alivira.com.tr\/wp-content\/uploads\/2022\/06\/Riesgos_n.jpg\",\"datePublished\":\"2022-06-28T05:58:15+00:00\",\"author\":{\"@id\":\"https:\/\/alivira.com.tr\/#\/schema\/person\/63d17b84ae0974dc63966cc8c29ff82c\"},\"breadcrumb\":{\"@id\":\"https:\/\/alivira.com.tr\/en\/riesgos-laborales-asociado-a-la-utilizacion-de-gases-en-los-centros-veterinarios\/#breadcrumb\"},\"inLanguage\":\"en-US\",\"potentialAction\":[{\"@type\":\"ReadAction\",\"target\":[\"https:\/\/alivira.com.tr\/en\/riesgos-laborales-asociado-a-la-utilizacion-de-gases-en-los-centros-veterinarios\/\"]}]},{\"@type\":\"ImageObject\",\"inLanguage\":\"en-US\",\"@id\":\"https:\/\/alivira.com.tr\/en\/riesgos-laborales-asociado-a-la-utilizacion-de-gases-en-los-centros-veterinarios\/#primaryimage\",\"url\":\"https:\/\/alivira.com.tr\/wp-content\/uploads\/2022\/06\/Riesgos_n.jpg\",\"contentUrl\":\"https:\/\/alivira.com.tr\/wp-content\/uploads\/2022\/06\/Riesgos_n.jpg\",\"width\":400,\"height\":335},{\"@type\":\"BreadcrumbList\",\"@id\":\"https:\/\/alivira.com.tr\/en\/riesgos-laborales-asociado-a-la-utilizacion-de-gases-en-los-centros-veterinarios\/#breadcrumb\",\"itemListElement\":[{\"@type\":\"ListItem\",\"position\":1,\"name\":\"Inici\",\"item\":\"https:\/\/alivira.com.tr\/en\/\"},{\"@type\":\"ListItem\",\"position\":2,\"name\":\"Riesgos laborales asociado a la utilizaci\u00f3n de gases en los centros veterinarios\"}]},{\"@type\":\"WebSite\",\"@id\":\"https:\/\/alivira.com.tr\/#website\",\"url\":\"https:\/\/alivira.com.tr\/\",\"name\":\"Alivira T\u00fcrkiye\",\"description\":\"Bir Alivira Grup \u015eirketi\",\"potentialAction\":[{\"@type\":\"SearchAction\",\"target\":{\"@type\":\"EntryPoint\",\"urlTemplate\":\"https:\/\/alivira.com.tr\/?s={search_term_string}\"},\"query-input\":{\"@type\":\"PropertyValueSpecification\",\"valueRequired\":true,\"valueName\":\"search_term_string\"}}],\"inLanguage\":\"en-US\"},{\"@type\":\"Person\",\"@id\":\"https:\/\/alivira.com.tr\/#\/schema\/person\/63d17b84ae0974dc63966cc8c29ff82c\",\"name\":\"y\u00f6netici\",\"image\":{\"@type\":\"ImageObject\",\"inLanguage\":\"en-US\",\"@id\":\"https:\/\/alivira.com.tr\/#\/schema\/person\/image\/\",\"url\":\"https:\/\/secure.gravatar.com\/avatar\/43f3ca918cba97833181d533295a7ec91b781de91ad88f7be50224d2e473145d?s=96&d=mm&r=g\",\"contentUrl\":\"https:\/\/secure.gravatar.com\/avatar\/43f3ca918cba97833181d533295a7ec91b781de91ad88f7be50224d2e473145d?s=96&d=mm&r=g\",\"caption\":\"y\u00f6netici\"},\"url\":\"https:\/\/alivira.com.tr\/en\/author\/qart\/\"}]}<\/script>\n<!-- \/ Yoast SEO plugin. -->","yoast_head_json":{"title":"Riesgos laborales asociado a la utilizaci\u00f3n de gases en los centros veterinarios - Alivira T\u00fcrkiye","robots":{"index":"index","follow":"follow","max-snippet":"max-snippet:-1","max-image-preview":"max-image-preview:large","max-video-preview":"max-video-preview:-1"},"canonical":"https:\/\/alivira.com.tr\/en\/riesgos-laborales-asociado-a-la-utilizacion-de-gases-en-los-centros-veterinarios\/","og_locale":"en_US","og_type":"article","og_title":"Riesgos laborales asociado a la utilizaci\u00f3n de gases en los centros veterinarios - Alivira T\u00fcrkiye","og_description":"La gesti\u00f3n de los riesgos laborales es una parte importante en el funcionamiento de una empresa y una preocupaci\u00f3n constante dado que incide directamente en la siniestralidad laboral, en la productividad y en el absentismo justificado.","og_url":"https:\/\/alivira.com.tr\/en\/riesgos-laborales-asociado-a-la-utilizacion-de-gases-en-los-centros-veterinarios\/","og_site_name":"Alivira T\u00fcrkiye","article_published_time":"2022-06-28T05:58:15+00:00","og_image":[{"width":400,"height":335,"url":"https:\/\/alivira.com.tr\/wp-content\/uploads\/2022\/06\/Riesgos_n.jpg","type":"image\/jpeg"}],"author":"y\u00f6netici","twitter_card":"summary_large_image","twitter_misc":{"Written by":"y\u00f6netici","Est. reading time":"6 minutes"},"schema":{"@context":"https:\/\/schema.org","@graph":[{"@type":"Article","@id":"https:\/\/alivira.com.tr\/en\/riesgos-laborales-asociado-a-la-utilizacion-de-gases-en-los-centros-veterinarios\/#article","isPartOf":{"@id":"https:\/\/alivira.com.tr\/en\/riesgos-laborales-asociado-a-la-utilizacion-de-gases-en-los-centros-veterinarios\/"},"author":{"name":"y\u00f6netici","@id":"https:\/\/alivira.com.tr\/#\/schema\/person\/63d17b84ae0974dc63966cc8c29ff82c"},"headline":"Riesgos laborales asociado a la utilizaci\u00f3n de gases en los centros veterinarios","datePublished":"2022-06-28T05:58:15+00:00","mainEntityOfPage":{"@id":"https:\/\/alivira.com.tr\/en\/riesgos-laborales-asociado-a-la-utilizacion-de-gases-en-los-centros-veterinarios\/"},"wordCount":1964,"image":{"@id":"https:\/\/alivira.com.tr\/en\/riesgos-laborales-asociado-a-la-utilizacion-de-gases-en-los-centros-veterinarios\/#primaryimage"},"thumbnailUrl":"https:\/\/alivira.com.tr\/wp-content\/uploads\/2022\/06\/Riesgos_n.jpg","articleSection":["Blog"],"inLanguage":"en-US"},{"@type":"WebPage","@id":"https:\/\/alivira.com.tr\/en\/riesgos-laborales-asociado-a-la-utilizacion-de-gases-en-los-centros-veterinarios\/","url":"https:\/\/alivira.com.tr\/en\/riesgos-laborales-asociado-a-la-utilizacion-de-gases-en-los-centros-veterinarios\/","name":"Riesgos laborales asociado a la utilizaci\u00f3n de gases en los centros veterinarios - Alivira T\u00fcrkiye","isPartOf":{"@id":"https:\/\/alivira.com.tr\/#website"},"primaryImageOfPage":{"@id":"https:\/\/alivira.com.tr\/en\/riesgos-laborales-asociado-a-la-utilizacion-de-gases-en-los-centros-veterinarios\/#primaryimage"},"image":{"@id":"https:\/\/alivira.com.tr\/en\/riesgos-laborales-asociado-a-la-utilizacion-de-gases-en-los-centros-veterinarios\/#primaryimage"},"thumbnailUrl":"https:\/\/alivira.com.tr\/wp-content\/uploads\/2022\/06\/Riesgos_n.jpg","datePublished":"2022-06-28T05:58:15+00:00","author":{"@id":"https:\/\/alivira.com.tr\/#\/schema\/person\/63d17b84ae0974dc63966cc8c29ff82c"},"breadcrumb":{"@id":"https:\/\/alivira.com.tr\/en\/riesgos-laborales-asociado-a-la-utilizacion-de-gases-en-los-centros-veterinarios\/#breadcrumb"},"inLanguage":"en-US","potentialAction":[{"@type":"ReadAction","target":["https:\/\/alivira.com.tr\/en\/riesgos-laborales-asociado-a-la-utilizacion-de-gases-en-los-centros-veterinarios\/"]}]},{"@type":"ImageObject","inLanguage":"en-US","@id":"https:\/\/alivira.com.tr\/en\/riesgos-laborales-asociado-a-la-utilizacion-de-gases-en-los-centros-veterinarios\/#primaryimage","url":"https:\/\/alivira.com.tr\/wp-content\/uploads\/2022\/06\/Riesgos_n.jpg","contentUrl":"https:\/\/alivira.com.tr\/wp-content\/uploads\/2022\/06\/Riesgos_n.jpg","width":400,"height":335},{"@type":"BreadcrumbList","@id":"https:\/\/alivira.com.tr\/en\/riesgos-laborales-asociado-a-la-utilizacion-de-gases-en-los-centros-veterinarios\/#breadcrumb","itemListElement":[{"@type":"ListItem","position":1,"name":"Inici","item":"https:\/\/alivira.com.tr\/en\/"},{"@type":"ListItem","position":2,"name":"Riesgos laborales asociado a la utilizaci\u00f3n de gases en los centros veterinarios"}]},{"@type":"WebSite","@id":"https:\/\/alivira.com.tr\/#website","url":"https:\/\/alivira.com.tr\/","name":"Alivira T\u00fcrkiye","description":"Bir Alivira Grup \u015eirketi","potentialAction":[{"@type":"SearchAction","target":{"@type":"EntryPoint","urlTemplate":"https:\/\/alivira.com.tr\/?s={search_term_string}"},"query-input":{"@type":"PropertyValueSpecification","valueRequired":true,"valueName":"search_term_string"}}],"inLanguage":"en-US"},{"@type":"Person","@id":"https:\/\/alivira.com.tr\/#\/schema\/person\/63d17b84ae0974dc63966cc8c29ff82c","name":"y\u00f6netici","image":{"@type":"ImageObject","inLanguage":"en-US","@id":"https:\/\/alivira.com.tr\/#\/schema\/person\/image\/","url":"https:\/\/secure.gravatar.com\/avatar\/43f3ca918cba97833181d533295a7ec91b781de91ad88f7be50224d2e473145d?s=96&d=mm&r=g","contentUrl":"https:\/\/secure.gravatar.com\/avatar\/43f3ca918cba97833181d533295a7ec91b781de91ad88f7be50224d2e473145d?s=96&d=mm&r=g","caption":"y\u00f6netici"},"url":"https:\/\/alivira.com.tr\/en\/author\/qart\/"}]}},"_links":{"self":[{"href":"https:\/\/alivira.com.tr\/en\/wp-json\/wp\/v2\/posts\/19291","targetHints":{"allow":["GET"]}}],"collection":[{"href":"https:\/\/alivira.com.tr\/en\/wp-json\/wp\/v2\/posts"}],"about":[{"href":"https:\/\/alivira.com.tr\/en\/wp-json\/wp\/v2\/types\/post"}],"author":[{"embeddable":true,"href":"https:\/\/alivira.com.tr\/en\/wp-json\/wp\/v2\/users\/2"}],"replies":[{"embeddable":true,"href":"https:\/\/alivira.com.tr\/en\/wp-json\/wp\/v2\/comments?post=19291"}],"version-history":[{"count":0,"href":"https:\/\/alivira.com.tr\/en\/wp-json\/wp\/v2\/posts\/19291\/revisions"}],"wp:featuredmedia":[{"embeddable":true,"href":"https:\/\/alivira.com.tr\/en\/wp-json\/wp\/v2\/media\/14662"}],"wp:attachment":[{"href":"https:\/\/alivira.com.tr\/en\/wp-json\/wp\/v2\/media?parent=19291"}],"wp:term":[{"taxonomy":"category","embeddable":true,"href":"https:\/\/alivira.com.tr\/en\/wp-json\/wp\/v2\/categories?post=19291"},{"taxonomy":"post_tag","embeddable":true,"href":"https:\/\/alivira.com.tr\/en\/wp-json\/wp\/v2\/tags?post=19291"}],"curies":[{"name":"wp","href":"https:\/\/api.w.org\/{rel}","templated":true}]}}