{"id":19301,"date":"2022-05-03T06:05:47","date_gmt":"2022-05-03T06:05:47","guid":{"rendered":"https:\/\/alivira.com.tr\/mehdi-el-hossaini-new-export-manager-europe-africa-of-alivira-group\/"},"modified":"2022-05-03T06:05:47","modified_gmt":"2022-05-03T06:05:47","slug":"mehdi-el-hossaini-new-export-manager-europe-africa-of-alivira-group","status":"publish","type":"post","link":"https:\/\/alivira.com.tr\/en\/mehdi-el-hossaini-new-export-manager-europe-africa-of-alivira-group\/","title":{"rendered":"Mehdi El Hossaini, new Export Manager (Europe-Africa) of ALIVIRA Group"},"content":{"rendered":"<p>We welcome\u00a0<a href=\"https:\/\/www.linkedin.com\/in\/ACoAAAczigUBiYGSfERP6mTWZoLej9usK5t8kn4\" data-attribute-index=\"0\" data-entity-hovercard-id=\"urn:li:fs_miniProfile:ACoAAAczigUBiYGSfERP6mTWZoLej9usK5t8kn4\" data-entity-type=\"MINI_PROFILE\">Mehdi El Hossaini<\/a> to the\u00a0<a href=\"https:\/\/www.linkedin.com\/feed\/hashtag\/?keywords=alivira&amp;highlightedUpdateUrns=urn%3Ali%3Aactivity%3A6927133768675696640\" data-attribute-index=\"2\">ALIVIRA<\/a>\u00a0familiy.<br \/>\n<a href=\"https:\/\/www.linkedin.com\/feed\/hashtag\/?keywords=alivira&amp;highlightedUpdateUrns=urn%3Ali%3Aactivity%3A6927133768675696640\" data-attribute-index=\"3\">ALIVIRA<\/a>\u00a0Group expands its international sales organization with this recruitment to the position of Export Manager (Europe-Africa) as of May 2nd.<br \/>\nWith this incorporation, we take another step forward in our commitment to international growth and expansion.<\/p>\n<p>&#8212;&#8212;&#8212;&#8212;&#8212;&#8212;&#8212;&#8212;&#8212;&#8212;&#8212;&#8212;&#8212;&#8212;&#8212;&#8212;&#8212;&#8212;&#8212;&#8212;&#8212;&#8212;&#8211;<\/p>\n<p>Damos la bienvenida a\u00a0<a href=\"https:\/\/www.linkedin.com\/in\/ACoAAAczigUBiYGSfERP6mTWZoLej9usK5t8kn4\" data-attribute-index=\"4\" data-entity-hovercard-id=\"urn:li:fs_miniProfile:ACoAAAczigUBiYGSfERP6mTWZoLej9usK5t8kn4\" data-entity-type=\"MINI_PROFILE\">Mehdi El Hossaini<\/a> a la familia\u00a0<a href=\"https:\/\/www.linkedin.com\/feed\/hashtag\/?keywords=alivira&amp;highlightedUpdateUrns=urn%3Ali%3Aactivity%3A6927133768675696640\" data-attribute-index=\"6\">ALIVIRA<\/a>.<br \/>\nEl grupo <a href=\"https:\/\/www.linkedin.com\/feed\/hashtag\/?keywords=alivira&amp;highlightedUpdateUrns=urn%3Ali%3Aactivity%3A6927133768675696640\" data-attribute-index=\"7\">ALIVIRA<\/a>\u00a0ampl\u00eda su organizaci\u00f3n comercial internacional con esta incorporaci\u00f3n al puesto de Export Manager (Europa-\u00c1frica) a partir del 2 de mayo.<br \/>\nCon esta incorporaci\u00f3n damos un paso m\u00e1s en nuestra apuesta por el crecimiento y la expansi\u00f3n internacional.<\/p>\n","protected":false},"excerpt":{"rendered":"<p>We welcome\u00a0Mehdi El Hossaini to the\u00a0ALIVIRA\u00a0familiy. ALIVIRA\u00a0Group expands its international sales organization with this recruitment to the position of Export Manager (Europe-Africa) as of May 2nd. With this incorporation, we take another step forward in our commitment to international growth and expansion. &#8212;&#8212;&#8212;&#8212;&#8212;&#8212;&#8212;&#8212;&#8212;&#8212;&#8212;&#8212;&#8212;&#8212;&#8212;&#8212;&#8212;&#8212;&#8212;&#8212;&#8212;&#8212;&#8211; Damos la bienvenida a\u00a0Mehdi El Hossaini a la familia\u00a0ALIVIRA. El grupo ALIVIRA\u00a0ampl\u00eda [&hellip;]<\/p>\n","protected":false},"author":4,"featured_media":14229,"comment_status":"closed","ping_status":"open","sticky":false,"template":"","format":"standard","meta":{"footnotes":""},"categories":[65],"tags":[],"class_list":["post-19301","post","type-post","status-publish","format-standard","has-post-thumbnail","hentry","category-news"],"yoast_head":"<!-- This site is optimized with the Yoast SEO plugin v26.7 - https:\/\/yoast.com\/wordpress\/plugins\/seo\/ -->\n<title>Mehdi El Hossaini, new Export Manager (Europe-Africa) of ALIVIRA Group - Alivira T\u00fcrkiye<\/title>\n<meta name=\"robots\" content=\"index, follow, max-snippet:-1, max-image-preview:large, max-video-preview:-1\" \/>\n<link rel=\"canonical\" href=\"https:\/\/alivira.com.tr\/en\/mehdi-el-hossaini-new-export-manager-europe-africa-of-alivira-group\/\" \/>\n<meta property=\"og:locale\" content=\"en_US\" \/>\n<meta property=\"og:type\" content=\"article\" \/>\n<meta property=\"og:title\" content=\"Mehdi El Hossaini, new Export Manager (Europe-Africa) of ALIVIRA Group - Alivira T\u00fcrkiye\" \/>\n<meta property=\"og:description\" content=\"We welcome\u00a0Mehdi El Hossaini to the\u00a0ALIVIRA\u00a0familiy. ALIVIRA\u00a0Group expands its international sales organization with this recruitment to the position of Export Manager (Europe-Africa) as of May 2nd. With this incorporation, we take another step forward in our commitment to international growth and expansion. &#8212;&#8212;&#8212;&#8212;&#8212;&#8212;&#8212;&#8212;&#8212;&#8212;&#8212;&#8212;&#8212;&#8212;&#8212;&#8212;&#8212;&#8212;&#8212;&#8212;&#8212;&#8212;&#8211; Damos la bienvenida a\u00a0Mehdi El Hossaini a la familia\u00a0ALIVIRA. El grupo ALIVIRA\u00a0ampl\u00eda [&hellip;]\" \/>\n<meta property=\"og:url\" content=\"https:\/\/alivira.com.tr\/en\/mehdi-el-hossaini-new-export-manager-europe-africa-of-alivira-group\/\" \/>\n<meta property=\"og:site_name\" content=\"Alivira T\u00fcrkiye\" \/>\n<meta property=\"article:published_time\" content=\"2022-05-03T06:05:47+00:00\" \/>\n<meta property=\"og:image\" content=\"https:\/\/alivira.com.tr\/wp-content\/uploads\/2022\/05\/Photo_Mehdi-scaled.jpg\" \/>\n\t<meta property=\"og:image:width\" content=\"1920\" \/>\n\t<meta property=\"og:image:height\" content=\"2560\" \/>\n\t<meta property=\"og:image:type\" content=\"image\/jpeg\" \/>\n<meta name=\"author\" content=\"Marketing\" \/>\n<meta name=\"twitter:card\" content=\"summary_large_image\" \/>\n<meta name=\"twitter:label1\" content=\"Written by\" \/>\n\t<meta name=\"twitter:data1\" content=\"Marketing\" \/>\n\t<meta name=\"twitter:label2\" content=\"Est. reading time\" \/>\n\t<meta name=\"twitter:data2\" content=\"1 minute\" \/>\n<script type=\"application\/ld+json\" class=\"yoast-schema-graph\">{\"@context\":\"https:\/\/schema.org\",\"@graph\":[{\"@type\":\"Article\",\"@id\":\"https:\/\/alivira.com.tr\/en\/mehdi-el-hossaini-new-export-manager-europe-africa-of-alivira-group\/#article\",\"isPartOf\":{\"@id\":\"https:\/\/alivira.com.tr\/en\/mehdi-el-hossaini-new-export-manager-europe-africa-of-alivira-group\/\"},\"author\":{\"name\":\"Marketing\",\"@id\":\"https:\/\/alivira.com.tr\/#\/schema\/person\/0292fbe3497f79a801f8419d87a8ddcd\"},\"headline\":\"Mehdi El Hossaini, new Export Manager (Europe-Africa) of ALIVIRA Group\",\"datePublished\":\"2022-05-03T06:05:47+00:00\",\"mainEntityOfPage\":{\"@id\":\"https:\/\/alivira.com.tr\/en\/mehdi-el-hossaini-new-export-manager-europe-africa-of-alivira-group\/\"},\"wordCount\":114,\"image\":{\"@id\":\"https:\/\/alivira.com.tr\/en\/mehdi-el-hossaini-new-export-manager-europe-africa-of-alivira-group\/#primaryimage\"},\"thumbnailUrl\":\"https:\/\/alivira.com.tr\/wp-content\/uploads\/2022\/05\/Photo_Mehdi-scaled.jpg\",\"articleSection\":[\"News\"],\"inLanguage\":\"en-US\"},{\"@type\":\"WebPage\",\"@id\":\"https:\/\/alivira.com.tr\/en\/mehdi-el-hossaini-new-export-manager-europe-africa-of-alivira-group\/\",\"url\":\"https:\/\/alivira.com.tr\/en\/mehdi-el-hossaini-new-export-manager-europe-africa-of-alivira-group\/\",\"name\":\"Mehdi El Hossaini, new Export Manager (Europe-Africa) of ALIVIRA Group - Alivira T\u00fcrkiye\",\"isPartOf\":{\"@id\":\"https:\/\/alivira.com.tr\/#website\"},\"primaryImageOfPage\":{\"@id\":\"https:\/\/alivira.com.tr\/en\/mehdi-el-hossaini-new-export-manager-europe-africa-of-alivira-group\/#primaryimage\"},\"image\":{\"@id\":\"https:\/\/alivira.com.tr\/en\/mehdi-el-hossaini-new-export-manager-europe-africa-of-alivira-group\/#primaryimage\"},\"thumbnailUrl\":\"https:\/\/alivira.com.tr\/wp-content\/uploads\/2022\/05\/Photo_Mehdi-scaled.jpg\",\"datePublished\":\"2022-05-03T06:05:47+00:00\",\"author\":{\"@id\":\"https:\/\/alivira.com.tr\/#\/schema\/person\/0292fbe3497f79a801f8419d87a8ddcd\"},\"breadcrumb\":{\"@id\":\"https:\/\/alivira.com.tr\/en\/mehdi-el-hossaini-new-export-manager-europe-africa-of-alivira-group\/#breadcrumb\"},\"inLanguage\":\"en-US\",\"potentialAction\":[{\"@type\":\"ReadAction\",\"target\":[\"https:\/\/alivira.com.tr\/en\/mehdi-el-hossaini-new-export-manager-europe-africa-of-alivira-group\/\"]}]},{\"@type\":\"ImageObject\",\"inLanguage\":\"en-US\",\"@id\":\"https:\/\/alivira.com.tr\/en\/mehdi-el-hossaini-new-export-manager-europe-africa-of-alivira-group\/#primaryimage\",\"url\":\"https:\/\/alivira.com.tr\/wp-content\/uploads\/2022\/05\/Photo_Mehdi-scaled.jpg\",\"contentUrl\":\"https:\/\/alivira.com.tr\/wp-content\/uploads\/2022\/05\/Photo_Mehdi-scaled.jpg\",\"width\":1920,\"height\":2560},{\"@type\":\"BreadcrumbList\",\"@id\":\"https:\/\/alivira.com.tr\/en\/mehdi-el-hossaini-new-export-manager-europe-africa-of-alivira-group\/#breadcrumb\",\"itemListElement\":[{\"@type\":\"ListItem\",\"position\":1,\"name\":\"Inici\",\"item\":\"https:\/\/alivira.com.tr\/en\/\"},{\"@type\":\"ListItem\",\"position\":2,\"name\":\"Mehdi El Hossaini, new Export Manager (Europe-Africa) of ALIVIRA Group\"}]},{\"@type\":\"WebSite\",\"@id\":\"https:\/\/alivira.com.tr\/#website\",\"url\":\"https:\/\/alivira.com.tr\/\",\"name\":\"Alivira T\u00fcrkiye\",\"description\":\"Bir Alivira Grup \u015eirketi\",\"potentialAction\":[{\"@type\":\"SearchAction\",\"target\":{\"@type\":\"EntryPoint\",\"urlTemplate\":\"https:\/\/alivira.com.tr\/?s={search_term_string}\"},\"query-input\":{\"@type\":\"PropertyValueSpecification\",\"valueRequired\":true,\"valueName\":\"search_term_string\"}}],\"inLanguage\":\"en-US\"},{\"@type\":\"Person\",\"@id\":\"https:\/\/alivira.com.tr\/#\/schema\/person\/0292fbe3497f79a801f8419d87a8ddcd\",\"name\":\"Marketing\",\"image\":{\"@type\":\"ImageObject\",\"inLanguage\":\"en-US\",\"@id\":\"https:\/\/alivira.com.tr\/#\/schema\/person\/image\/\",\"url\":\"https:\/\/secure.gravatar.com\/avatar\/9fb8d2ba2ecdd837d44868457c49af2aa258233e0e3413ec33e84630a3590a48?s=96&d=mm&r=g\",\"contentUrl\":\"https:\/\/secure.gravatar.com\/avatar\/9fb8d2ba2ecdd837d44868457c49af2aa258233e0e3413ec33e84630a3590a48?s=96&d=mm&r=g\",\"caption\":\"Marketing\"},\"url\":\"https:\/\/alivira.com.tr\/en\/author\/marketing\/\"}]}<\/script>\n<!-- \/ Yoast SEO plugin. -->","yoast_head_json":{"title":"Mehdi El Hossaini, new Export Manager (Europe-Africa) of ALIVIRA Group - Alivira T\u00fcrkiye","robots":{"index":"index","follow":"follow","max-snippet":"max-snippet:-1","max-image-preview":"max-image-preview:large","max-video-preview":"max-video-preview:-1"},"canonical":"https:\/\/alivira.com.tr\/en\/mehdi-el-hossaini-new-export-manager-europe-africa-of-alivira-group\/","og_locale":"en_US","og_type":"article","og_title":"Mehdi El Hossaini, new Export Manager (Europe-Africa) of ALIVIRA Group - Alivira T\u00fcrkiye","og_description":"We welcome\u00a0Mehdi El Hossaini to the\u00a0ALIVIRA\u00a0familiy. ALIVIRA\u00a0Group expands its international sales organization with this recruitment to the position of Export Manager (Europe-Africa) as of May 2nd. With this incorporation, we take another step forward in our commitment to international growth and expansion. &#8212;&#8212;&#8212;&#8212;&#8212;&#8212;&#8212;&#8212;&#8212;&#8212;&#8212;&#8212;&#8212;&#8212;&#8212;&#8212;&#8212;&#8212;&#8212;&#8212;&#8212;&#8212;&#8211; Damos la bienvenida a\u00a0Mehdi El Hossaini a la familia\u00a0ALIVIRA. El grupo ALIVIRA\u00a0ampl\u00eda [&hellip;]","og_url":"https:\/\/alivira.com.tr\/en\/mehdi-el-hossaini-new-export-manager-europe-africa-of-alivira-group\/","og_site_name":"Alivira T\u00fcrkiye","article_published_time":"2022-05-03T06:05:47+00:00","og_image":[{"width":1920,"height":2560,"url":"https:\/\/alivira.com.tr\/wp-content\/uploads\/2022\/05\/Photo_Mehdi-scaled.jpg","type":"image\/jpeg"}],"author":"Marketing","twitter_card":"summary_large_image","twitter_misc":{"Written by":"Marketing","Est. reading time":"1 minute"},"schema":{"@context":"https:\/\/schema.org","@graph":[{"@type":"Article","@id":"https:\/\/alivira.com.tr\/en\/mehdi-el-hossaini-new-export-manager-europe-africa-of-alivira-group\/#article","isPartOf":{"@id":"https:\/\/alivira.com.tr\/en\/mehdi-el-hossaini-new-export-manager-europe-africa-of-alivira-group\/"},"author":{"name":"Marketing","@id":"https:\/\/alivira.com.tr\/#\/schema\/person\/0292fbe3497f79a801f8419d87a8ddcd"},"headline":"Mehdi El Hossaini, new Export Manager (Europe-Africa) of ALIVIRA Group","datePublished":"2022-05-03T06:05:47+00:00","mainEntityOfPage":{"@id":"https:\/\/alivira.com.tr\/en\/mehdi-el-hossaini-new-export-manager-europe-africa-of-alivira-group\/"},"wordCount":114,"image":{"@id":"https:\/\/alivira.com.tr\/en\/mehdi-el-hossaini-new-export-manager-europe-africa-of-alivira-group\/#primaryimage"},"thumbnailUrl":"https:\/\/alivira.com.tr\/wp-content\/uploads\/2022\/05\/Photo_Mehdi-scaled.jpg","articleSection":["News"],"inLanguage":"en-US"},{"@type":"WebPage","@id":"https:\/\/alivira.com.tr\/en\/mehdi-el-hossaini-new-export-manager-europe-africa-of-alivira-group\/","url":"https:\/\/alivira.com.tr\/en\/mehdi-el-hossaini-new-export-manager-europe-africa-of-alivira-group\/","name":"Mehdi El Hossaini, new Export Manager (Europe-Africa) of ALIVIRA Group - Alivira T\u00fcrkiye","isPartOf":{"@id":"https:\/\/alivira.com.tr\/#website"},"primaryImageOfPage":{"@id":"https:\/\/alivira.com.tr\/en\/mehdi-el-hossaini-new-export-manager-europe-africa-of-alivira-group\/#primaryimage"},"image":{"@id":"https:\/\/alivira.com.tr\/en\/mehdi-el-hossaini-new-export-manager-europe-africa-of-alivira-group\/#primaryimage"},"thumbnailUrl":"https:\/\/alivira.com.tr\/wp-content\/uploads\/2022\/05\/Photo_Mehdi-scaled.jpg","datePublished":"2022-05-03T06:05:47+00:00","author":{"@id":"https:\/\/alivira.com.tr\/#\/schema\/person\/0292fbe3497f79a801f8419d87a8ddcd"},"breadcrumb":{"@id":"https:\/\/alivira.com.tr\/en\/mehdi-el-hossaini-new-export-manager-europe-africa-of-alivira-group\/#breadcrumb"},"inLanguage":"en-US","potentialAction":[{"@type":"ReadAction","target":["https:\/\/alivira.com.tr\/en\/mehdi-el-hossaini-new-export-manager-europe-africa-of-alivira-group\/"]}]},{"@type":"ImageObject","inLanguage":"en-US","@id":"https:\/\/alivira.com.tr\/en\/mehdi-el-hossaini-new-export-manager-europe-africa-of-alivira-group\/#primaryimage","url":"https:\/\/alivira.com.tr\/wp-content\/uploads\/2022\/05\/Photo_Mehdi-scaled.jpg","contentUrl":"https:\/\/alivira.com.tr\/wp-content\/uploads\/2022\/05\/Photo_Mehdi-scaled.jpg","width":1920,"height":2560},{"@type":"BreadcrumbList","@id":"https:\/\/alivira.com.tr\/en\/mehdi-el-hossaini-new-export-manager-europe-africa-of-alivira-group\/#breadcrumb","itemListElement":[{"@type":"ListItem","position":1,"name":"Inici","item":"https:\/\/alivira.com.tr\/en\/"},{"@type":"ListItem","position":2,"name":"Mehdi El Hossaini, new Export Manager (Europe-Africa) of ALIVIRA Group"}]},{"@type":"WebSite","@id":"https:\/\/alivira.com.tr\/#website","url":"https:\/\/alivira.com.tr\/","name":"Alivira T\u00fcrkiye","description":"Bir Alivira Grup \u015eirketi","potentialAction":[{"@type":"SearchAction","target":{"@type":"EntryPoint","urlTemplate":"https:\/\/alivira.com.tr\/?s={search_term_string}"},"query-input":{"@type":"PropertyValueSpecification","valueRequired":true,"valueName":"search_term_string"}}],"inLanguage":"en-US"},{"@type":"Person","@id":"https:\/\/alivira.com.tr\/#\/schema\/person\/0292fbe3497f79a801f8419d87a8ddcd","name":"Marketing","image":{"@type":"ImageObject","inLanguage":"en-US","@id":"https:\/\/alivira.com.tr\/#\/schema\/person\/image\/","url":"https:\/\/secure.gravatar.com\/avatar\/9fb8d2ba2ecdd837d44868457c49af2aa258233e0e3413ec33e84630a3590a48?s=96&d=mm&r=g","contentUrl":"https:\/\/secure.gravatar.com\/avatar\/9fb8d2ba2ecdd837d44868457c49af2aa258233e0e3413ec33e84630a3590a48?s=96&d=mm&r=g","caption":"Marketing"},"url":"https:\/\/alivira.com.tr\/en\/author\/marketing\/"}]}},"_links":{"self":[{"href":"https:\/\/alivira.com.tr\/en\/wp-json\/wp\/v2\/posts\/19301","targetHints":{"allow":["GET"]}}],"collection":[{"href":"https:\/\/alivira.com.tr\/en\/wp-json\/wp\/v2\/posts"}],"about":[{"href":"https:\/\/alivira.com.tr\/en\/wp-json\/wp\/v2\/types\/post"}],"author":[{"embeddable":true,"href":"https:\/\/alivira.com.tr\/en\/wp-json\/wp\/v2\/users\/4"}],"replies":[{"embeddable":true,"href":"https:\/\/alivira.com.tr\/en\/wp-json\/wp\/v2\/comments?post=19301"}],"version-history":[{"count":0,"href":"https:\/\/alivira.com.tr\/en\/wp-json\/wp\/v2\/posts\/19301\/revisions"}],"wp:featuredmedia":[{"embeddable":true,"href":"https:\/\/alivira.com.tr\/en\/wp-json\/wp\/v2\/media\/14229"}],"wp:attachment":[{"href":"https:\/\/alivira.com.tr\/en\/wp-json\/wp\/v2\/media?parent=19301"}],"wp:term":[{"taxonomy":"category","embeddable":true,"href":"https:\/\/alivira.com.tr\/en\/wp-json\/wp\/v2\/categories?post=19301"},{"taxonomy":"post_tag","embeddable":true,"href":"https:\/\/alivira.com.tr\/en\/wp-json\/wp\/v2\/tags?post=19301"}],"curies":[{"name":"wp","href":"https:\/\/api.w.org\/{rel}","templated":true}]}}